{"id":43,"date":"2015-12-31T16:14:49","date_gmt":"2015-12-31T15:14:49","guid":{"rendered":"http:\/\/www.guentherfloner.at\/dieschwachen\/?p=43"},"modified":"2017-10-23T11:45:13","modified_gmt":"2017-10-23T09:45:13","slug":"die-schwachen-ein-affront-gegen-die-erfolgreichen","status":"publish","type":"post","link":"https:\/\/www.guentherfloner.at\/dieschwachen\/43\/die-schwachen-ein-affront-gegen-die-erfolgreichen\/","title":{"rendered":"Eine Beleidigung f\u00fcr alle Erfolgreichen"},"content":{"rendered":"<p style=\"text-align: center;\"><span style=\"font-family: arial, helvetica, sans-serif; font-size: 16px;\">Vorsicht! Lesen Sie nicht weiter!<br \/>\nWenn gar die \u00d6ffentlichkeit erf\u00e4hrt, dass Sie sich f\u00fcr <strong>&#8211; die schwachen &#8211;<\/strong> interessieren,<br \/>\nkann das drastische Folgen haben f\u00fcr Sie.<\/span><br \/>\n<span style=\"font-family: arial, helvetica, sans-serif;\"> <span style=\"font-size: 16px;\">Diese Webseite kann gef\u00e4hrlich sein f\u00fcr Sie.<\/span><span style=\"font-size: 16px;\"><br \/>\nSchwerwiegende Nachteile k\u00f6nnen entstehen, Schwierigkeiten mit Familie und mit Freunden<br \/>\nund die allerschlimmsten Folgen kann es haben, wenn ihre Gesch\u00e4ftspartner davon erfahren.<br \/>\nWas sollen sie alle denn von Ihnen denken?<br \/>\nSind Sie vielleicht\u00a0auch einer von <strong>&#8211; die schwachen &#8211;<\/strong>?<br \/>\nSchlimm.<br \/>\nHaben Sie gar auch Schw\u00e4chen?<br \/>\nEine Katastrophe.<br \/>\nUnd diese zeigen sie dann auch noch?<br \/>\nNicht auszudenken.<br \/>\nEin Wahnsinn.<br \/>\nAlso, seien Sie gewarnt: eine N\u00e4he zu <strong>&#8211; die schwachen &#8211;<\/strong> kann Ihre Existenz bedrohen! <\/span><\/span><\/p>\n<p style=\"text-align: center;\"><span style=\"font-family: arial, helvetica, sans-serif; font-size: 16px;\"><img loading=\"lazy\" decoding=\"async\" class=\"alignnone size-medium wp-image-44\" src=\"http:\/\/www.guentherfloner.at\/dieschwachen\/wp-content\/uploads\/2015\/12\/dieschwachen05.siesindeinegefahr720m272px-300x113.jpg\" alt=\"dieschwachen05.siesindeinegefahr720m272px\" width=\"300\" height=\"113\" srcset=\"https:\/\/www.guentherfloner.at\/dieschwachen\/wp-content\/uploads\/2015\/12\/dieschwachen05.siesindeinegefahr720m272px-300x113.jpg 300w, https:\/\/www.guentherfloner.at\/dieschwachen\/wp-content\/uploads\/2015\/12\/dieschwachen05.siesindeinegefahr720m272px.jpg 720w\" sizes=\"auto, (max-width: 300px) 100vw, 300px\" \/>\u00a0<\/span><\/p>\n","protected":false},"excerpt":{"rendered":"<p>Vorsicht! Lesen Sie nicht weiter! Wenn gar die \u00d6ffentlichkeit erf\u00e4hrt, dass Sie sich f\u00fcr &#8211; die schwachen &#8211; interessieren, kann das drastische Folgen haben f\u00fcr Sie. Diese Webseite kann gef\u00e4hrlich sein f\u00fcr Sie. Schwerwiegende&#46;&#46;&#46;<\/p>\n","protected":false},"author":1,"featured_media":51,"comment_status":"open","ping_status":"open","sticky":false,"template":"","format":"standard","meta":{"footnotes":""},"categories":[1,13],"tags":[11,5,7,8,6,9,10],"class_list":["post-43","post","type-post","status-publish","format-standard","has-post-thumbnail","hentry","category-allgemein","category-die-schwachen","tag-abstand-halten","tag-gefahr","tag-gut-aufpassen","tag-immer-stark-bleiben","tag-keine-schwaechen-zeigen","tag-nie-auffallen","tag-schwach-sein-ist-existenzbedrohend"],"_links":{"self":[{"href":"https:\/\/www.guentherfloner.at\/dieschwachen\/wp-json\/wp\/v2\/posts\/43","targetHints":{"allow":["GET"]}}],"collection":[{"href":"https:\/\/www.guentherfloner.at\/dieschwachen\/wp-json\/wp\/v2\/posts"}],"about":[{"href":"https:\/\/www.guentherfloner.at\/dieschwachen\/wp-json\/wp\/v2\/types\/post"}],"author":[{"embeddable":true,"href":"https:\/\/www.guentherfloner.at\/dieschwachen\/wp-json\/wp\/v2\/users\/1"}],"replies":[{"embeddable":true,"href":"https:\/\/www.guentherfloner.at\/dieschwachen\/wp-json\/wp\/v2\/comments?post=43"}],"version-history":[{"count":8,"href":"https:\/\/www.guentherfloner.at\/dieschwachen\/wp-json\/wp\/v2\/posts\/43\/revisions"}],"predecessor-version":[{"id":212,"href":"https:\/\/www.guentherfloner.at\/dieschwachen\/wp-json\/wp\/v2\/posts\/43\/revisions\/212"}],"wp:featuredmedia":[{"embeddable":true,"href":"https:\/\/www.guentherfloner.at\/dieschwachen\/wp-json\/wp\/v2\/media\/51"}],"wp:attachment":[{"href":"https:\/\/www.guentherfloner.at\/dieschwachen\/wp-json\/wp\/v2\/media?parent=43"}],"wp:term":[{"taxonomy":"category","embeddable":true,"href":"https:\/\/www.guentherfloner.at\/dieschwachen\/wp-json\/wp\/v2\/categories?post=43"},{"taxonomy":"post_tag","embeddable":true,"href":"https:\/\/www.guentherfloner.at\/dieschwachen\/wp-json\/wp\/v2\/tags?post=43"}],"curies":[{"name":"wp","href":"https:\/\/api.w.org\/{rel}","templated":true}]}}